{"id":248,"date":"2022-06-27T11:21:59","date_gmt":"2022-06-27T11:21:59","guid":{"rendered":"https:\/\/micky-winkler-motorradfahrer.de\/?p=248"},"modified":"2022-06-27T11:22:01","modified_gmt":"2022-06-27T11:22:01","slug":"allerhand-los","status":"publish","type":"post","link":"https:\/\/micky-winkler-motorradfahrer.de\/?p=248","title":{"rendered":"Allerhand los"},"content":{"rendered":"\n<p>iDM Most<\/p>\n\n\n\n<p><\/p>\n\n\n\n<p>Runde drei der internationalen Deutschen Motorradmeisterschaft (iDM) f\u00fchrte Micky Winkler nach Most. Der Tschechien-Ausflug hatte f\u00fcr den Kawasaki-Piloten die ein oder andere \u00dcberraschung zu bieten.<\/p>\n\n\n\n<p>Der Auftakt gestaltete sich f\u00fcr den Schleizer harzig. \u201eIch habe mich nicht sonderlich wohl gef\u00fchlt. Erst ein paar \u00c4nderungen am Set-up sorgten f\u00fcr Besserung.\u201c Da sich das Wetter eher durchwachsen im Nachbarland pr\u00e4sentierte, hielten sich die M\u00f6glichkeiten auf der Rennstrecke schnelle Rundenzeiten zu fahren an den ersten beiden Tagen in Grenzen. \u201eAuch wenn ein vierzehnter Startplatz nicht so berauschend klingen mag, konnte ich der Zeitenentwicklung durchaus positives abgewinnen. Unser R\u00fcckstand war nicht sonderlich gro\u00df, zumal sich noch einige Gaststarter aus der Weltmeisterschaft ins Starterfeld eingeschrieben hatten.\u201c<\/p>\n\n\n\n<p>Erwartungsgem\u00e4\u00df tumultartig ging es dann beim ersten Rennen in der ersten Schikane zu. Micky Winkler war dabei unfreiwillig verwickelt. \u201eIch musste einen gest\u00fcrzten Kontrahenten ausweichen und einen weiten Bogen fahren.\u201c Bei der folgenden Aufholjagd machte der Schleizer schnell viele Pl\u00e4tze gut, bis sich sein linker Knieschleifer verabschiedete. \u201eDas hat mich etwas aus dem Konzept gebracht und bedurfte etwas Gew\u00f6hnung, bis die schnellen Rundenzeiten wieder kamen. Platz 12 ist dahingehend ganz okay.\u201c Abz\u00fcglich der Gaststarter bedeutete das sogar P 9.<\/p>\n\n\n\n<p>Kurz gestaltete sich der zweite Auftritt von Micky Winkler. \u201eIch wurde von einem hinter mir fahrenden Piloten abgeschossen. Fahrer okay, Motorrad Schrott\u201c, lautete hier dann die ern\u00fcchternde Bilanz.<\/p>\n\n\n\n<p>Vom 22. bis 24. Juli steigt dann f\u00fcr Micky Winkler das Heimspiel auf dem Schleizer Dreieck.<\/p>\n","protected":false},"excerpt":{"rendered":"<p>iDM Most Runde drei der internationalen Deutschen Motorradmeisterschaft (iDM) f\u00fchrte Micky Winkler nach Most. Der Tschechien-Ausflug hatte f\u00fcr den Kawasaki-Piloten die ein oder andere \u00dcberraschung zu bieten. Der Auftakt gestaltete sich f\u00fcr den Schleizer harzig. \u201eIch habe mich nicht sonderlich wohl gef\u00fchlt. Erst ein paar \u00c4nderungen am Set-up sorgten f\u00fcr Besserung.\u201c Da sich das Wetter [&hellip;]<\/p>\n","protected":false},"author":3,"featured_media":0,"comment_status":"closed","ping_status":"closed","sticky":false,"template":"","format":"standard","meta":{"footnotes":""},"categories":[1],"tags":[],"class_list":["post-248","post","type-post","status-publish","format-standard","hentry","category-uncategorized"],"_links":{"self":[{"href":"https:\/\/micky-winkler-motorradfahrer.de\/index.php?rest_route=\/wp\/v2\/posts\/248","targetHints":{"allow":["GET"]}}],"collection":[{"href":"https:\/\/micky-winkler-motorradfahrer.de\/index.php?rest_route=\/wp\/v2\/posts"}],"about":[{"href":"https:\/\/micky-winkler-motorradfahrer.de\/index.php?rest_route=\/wp\/v2\/types\/post"}],"author":[{"embeddable":true,"href":"https:\/\/micky-winkler-motorradfahrer.de\/index.php?rest_route=\/wp\/v2\/users\/3"}],"replies":[{"embeddable":true,"href":"https:\/\/micky-winkler-motorradfahrer.de\/index.php?rest_route=%2Fwp%2Fv2%2Fcomments&post=248"}],"version-history":[{"count":1,"href":"https:\/\/micky-winkler-motorradfahrer.de\/index.php?rest_route=\/wp\/v2\/posts\/248\/revisions"}],"predecessor-version":[{"id":249,"href":"https:\/\/micky-winkler-motorradfahrer.de\/index.php?rest_route=\/wp\/v2\/posts\/248\/revisions\/249"}],"wp:attachment":[{"href":"https:\/\/micky-winkler-motorradfahrer.de\/index.php?rest_route=%2Fwp%2Fv2%2Fmedia&parent=248"}],"wp:term":[{"taxonomy":"category","embeddable":true,"href":"https:\/\/micky-winkler-motorradfahrer.de\/index.php?rest_route=%2Fwp%2Fv2%2Fcategories&post=248"},{"taxonomy":"post_tag","embeddable":true,"href":"https:\/\/micky-winkler-motorradfahrer.de\/index.php?rest_route=%2Fwp%2Fv2%2Ftags&post=248"}],"curies":[{"name":"wp","href":"https:\/\/api.w.org\/{rel}","templated":true}]}}