{"id":304,"date":"2023-08-21T11:42:09","date_gmt":"2023-08-21T11:42:09","guid":{"rendered":"https:\/\/micky-winkler-motorradfahrer.de\/?p=304"},"modified":"2023-08-21T11:42:12","modified_gmt":"2023-08-21T11:42:12","slug":"es-laeuft","status":"publish","type":"post","link":"https:\/\/micky-winkler-motorradfahrer.de\/?p=304","title":{"rendered":"Es l\u00e4uft"},"content":{"rendered":"\n<p>4. Runde der Pro Superstock 1000<\/p>\n\n\n\n<p>Die Heimreise aus der Kathedrale des Speeds im niederl\u00e4ndischen Assen trat Micky Winkler mit einem breiten Grinsen auf den Lippen an. \u201eEs l\u00e4uft\u201c, blieb der Schleizer nach seinem bislang besten Wochenende in der Pro Superstock 1000 gewohnt n\u00fcchtern. \u201eWir steigern uns immer weiter. Die Resultate stimmen.\u201c Dabei verlief der Einstieg gar nicht mal so sorgenfrei, denn ein Kupplungsproblem bescherte Micky Winkler den Ausfall des ersten Trainings. Daf\u00fcr fand der Kawasaki-Pilot schnell einen brauchbaren Rhythmus und legte im ersten Qualifying eine solide Runde an den Tag, die f\u00fcr P7 reichte. \u201eDer Versuch war noch nicht mal optimal, weil ich etwas im Verkehr h\u00e4ngen blieb.\u201c Da es im 2. Qualli unter nassen Bedingungen keine Zeitenverbesserungen m\u00f6glich waren, durfte sich Micky Winkler \u00fcber seinen bislang besten Startplatz freuen. Die Voraussetzungen f\u00fcr gute Rennen waren also gegeben und der Schleizer wusste diese auch zu nutzen. Ungewohnt unspektakul\u00e4r war Rennen eins. \u201eIch habe meine Pace durchgezogen und bin als Solist unterwegs gewesen, was mich auf einen guten sechsten Rang ins Ziel brachte.\u201c Lauf zwei gestaltete sich hingegen weitaus nervenaufreibender. \u201eWir hatten einen anderen Reifentyp gew\u00e4hlt, der noch besser funktionierte. Ich konnte mich in meiner Gruppe gut verteidigen und war jederzeit in der Lage anzugreifen.\u201c Das gipfelte in einem \u00dcberholman\u00f6ver in der letzten Runde, was Winkler Platz f\u00fcnf sicherte. \u201eDer Speed ist zweifelsfrei da. Wenn ich den jetzt noch konsequent einzusetzen wei\u00df, geht es vielleicht f\u00fcr mich noch ein St\u00fcckchen weiter nach vorn. Dennoch bin ich mit diesem Wochenende und den erzielten Resultaten mehr als zufrieden.\u201c<\/p>\n\n\n\n<p><\/p>\n\n\n\n<p>Fotos: Andre M\u00fcrke<\/p>\n\n\n\n<figure class=\"wp-block-image size-full\"><img loading=\"lazy\" decoding=\"async\" width=\"850\" height=\"567\" src=\"https:\/\/micky-winkler-motorradfahrer.de\/wp-content\/uploads\/2023\/08\/Assen-1.jpg\" alt=\"\" class=\"wp-image-305\" srcset=\"https:\/\/micky-winkler-motorradfahrer.de\/wp-content\/uploads\/2023\/08\/Assen-1.jpg 850w, https:\/\/micky-winkler-motorradfahrer.de\/wp-content\/uploads\/2023\/08\/Assen-1-300x200.jpg 300w, https:\/\/micky-winkler-motorradfahrer.de\/wp-content\/uploads\/2023\/08\/Assen-1-768x512.jpg 768w, https:\/\/micky-winkler-motorradfahrer.de\/wp-content\/uploads\/2023\/08\/Assen-1-272x182.jpg 272w\" sizes=\"auto, (max-width: 850px) 100vw, 850px\" \/><\/figure>\n\n\n\n<figure class=\"wp-block-image size-full\"><img loading=\"lazy\" decoding=\"async\" width=\"850\" height=\"567\" src=\"https:\/\/micky-winkler-motorradfahrer.de\/wp-content\/uploads\/2023\/08\/Assen-4.jpg\" alt=\"\" class=\"wp-image-306\" srcset=\"https:\/\/micky-winkler-motorradfahrer.de\/wp-content\/uploads\/2023\/08\/Assen-4.jpg 850w, https:\/\/micky-winkler-motorradfahrer.de\/wp-content\/uploads\/2023\/08\/Assen-4-300x200.jpg 300w, https:\/\/micky-winkler-motorradfahrer.de\/wp-content\/uploads\/2023\/08\/Assen-4-768x512.jpg 768w, https:\/\/micky-winkler-motorradfahrer.de\/wp-content\/uploads\/2023\/08\/Assen-4-272x182.jpg 272w\" sizes=\"auto, (max-width: 850px) 100vw, 850px\" \/><\/figure>\n\n\n\n<figure class=\"wp-block-image size-full\"><img loading=\"lazy\" decoding=\"async\" width=\"850\" height=\"567\" src=\"https:\/\/micky-winkler-motorradfahrer.de\/wp-content\/uploads\/2023\/08\/Assen-3.jpg\" alt=\"\" class=\"wp-image-307\" srcset=\"https:\/\/micky-winkler-motorradfahrer.de\/wp-content\/uploads\/2023\/08\/Assen-3.jpg 850w, https:\/\/micky-winkler-motorradfahrer.de\/wp-content\/uploads\/2023\/08\/Assen-3-300x200.jpg 300w, https:\/\/micky-winkler-motorradfahrer.de\/wp-content\/uploads\/2023\/08\/Assen-3-768x512.jpg 768w, https:\/\/micky-winkler-motorradfahrer.de\/wp-content\/uploads\/2023\/08\/Assen-3-272x182.jpg 272w\" sizes=\"auto, (max-width: 850px) 100vw, 850px\" \/><\/figure>\n\n\n\n<figure class=\"wp-block-image size-full\"><img loading=\"lazy\" decoding=\"async\" width=\"850\" height=\"567\" src=\"https:\/\/micky-winkler-motorradfahrer.de\/wp-content\/uploads\/2023\/08\/Assen-2.jpg\" alt=\"\" class=\"wp-image-308\" srcset=\"https:\/\/micky-winkler-motorradfahrer.de\/wp-content\/uploads\/2023\/08\/Assen-2.jpg 850w, https:\/\/micky-winkler-motorradfahrer.de\/wp-content\/uploads\/2023\/08\/Assen-2-300x200.jpg 300w, https:\/\/micky-winkler-motorradfahrer.de\/wp-content\/uploads\/2023\/08\/Assen-2-768x512.jpg 768w, https:\/\/micky-winkler-motorradfahrer.de\/wp-content\/uploads\/2023\/08\/Assen-2-272x182.jpg 272w\" sizes=\"auto, (max-width: 850px) 100vw, 850px\" \/><\/figure>\n","protected":false},"excerpt":{"rendered":"<p>4. Runde der Pro Superstock 1000 Die Heimreise aus der Kathedrale des Speeds im niederl\u00e4ndischen Assen trat Micky Winkler mit einem breiten Grinsen auf den Lippen an. \u201eEs l\u00e4uft\u201c, blieb der Schleizer nach seinem bislang besten Wochenende in der Pro Superstock 1000 gewohnt n\u00fcchtern. \u201eWir steigern uns immer weiter. Die Resultate stimmen.\u201c Dabei verlief der [&hellip;]<\/p>\n","protected":false},"author":3,"featured_media":0,"comment_status":"closed","ping_status":"closed","sticky":false,"template":"","format":"standard","meta":{"footnotes":""},"categories":[1],"tags":[],"class_list":["post-304","post","type-post","status-publish","format-standard","hentry","category-uncategorized"],"_links":{"self":[{"href":"https:\/\/micky-winkler-motorradfahrer.de\/index.php?rest_route=\/wp\/v2\/posts\/304","targetHints":{"allow":["GET"]}}],"collection":[{"href":"https:\/\/micky-winkler-motorradfahrer.de\/index.php?rest_route=\/wp\/v2\/posts"}],"about":[{"href":"https:\/\/micky-winkler-motorradfahrer.de\/index.php?rest_route=\/wp\/v2\/types\/post"}],"author":[{"embeddable":true,"href":"https:\/\/micky-winkler-motorradfahrer.de\/index.php?rest_route=\/wp\/v2\/users\/3"}],"replies":[{"embeddable":true,"href":"https:\/\/micky-winkler-motorradfahrer.de\/index.php?rest_route=%2Fwp%2Fv2%2Fcomments&post=304"}],"version-history":[{"count":1,"href":"https:\/\/micky-winkler-motorradfahrer.de\/index.php?rest_route=\/wp\/v2\/posts\/304\/revisions"}],"predecessor-version":[{"id":309,"href":"https:\/\/micky-winkler-motorradfahrer.de\/index.php?rest_route=\/wp\/v2\/posts\/304\/revisions\/309"}],"wp:attachment":[{"href":"https:\/\/micky-winkler-motorradfahrer.de\/index.php?rest_route=%2Fwp%2Fv2%2Fmedia&parent=304"}],"wp:term":[{"taxonomy":"category","embeddable":true,"href":"https:\/\/micky-winkler-motorradfahrer.de\/index.php?rest_route=%2Fwp%2Fv2%2Fcategories&post=304"},{"taxonomy":"post_tag","embeddable":true,"href":"https:\/\/micky-winkler-motorradfahrer.de\/index.php?rest_route=%2Fwp%2Fv2%2Ftags&post=304"}],"curies":[{"name":"wp","href":"https:\/\/api.w.org\/{rel}","templated":true}]}}