{"id":311,"date":"2023-09-21T08:26:08","date_gmt":"2023-09-21T08:26:08","guid":{"rendered":"https:\/\/micky-winkler-motorradfahrer.de\/?p=311"},"modified":"2023-09-21T08:26:10","modified_gmt":"2023-09-21T08:26:10","slug":"fremdgegangen","status":"publish","type":"post","link":"https:\/\/micky-winkler-motorradfahrer.de\/?p=311","title":{"rendered":"Fremdgegangen"},"content":{"rendered":"\n<p><strong>Erfolgreicher Gaststart im Twin Cup auf dem Frohburger Dreieck<\/strong><\/p>\n\n\n\n<p>Das Saisonfinale der Internationalen Deutschen Motorradmeisterschaft (IDM) steht an diesem Wochenende an. Schon traditionell geht es dabei auf dem Hockenheimring zur Sache. Mit ordentlich Selbstvertrauen d\u00fcrfte dabei Micky Winkler ausgestattet sein. Der Schleizer erlebte nicht nur eine markante Leistungssteigerung bei den letzten Rennen der Pro Superstock 1000, sondern g\u00f6nnte sich auch einen erfolgreichen Ausflug am vergangenen Wochenende zum Twin Cup beim Frohburger Dreieckrennen. \u201eDer Gaststart war eine Idee von Kawasaki Deutschland\u201c, erkl\u00e4rt Winkler die Vorgeschichte. \u201eEs hat eine Menge Spa\u00df gemacht. Obwohl das Motorrad und die Strecke v\u00f6lliges Neuland f\u00fcr mich waren, kam ich auf Anhieb gut zurecht und konnte annehmbare Zeiten fahren.\u201c Die Pl\u00e4tze zwei und drei sprechen f\u00fcr den Schleizer. Dieses Momentum will Micky Winkler auch in Hockenheim nutzen.<\/p>\n\n\n\n<p>Fotos: J\u00fcrgen M\u00fcller<\/p>\n\n\n\n<figure class=\"wp-block-image size-full\"><img loading=\"lazy\" decoding=\"async\" width=\"886\" height=\"591\" src=\"https:\/\/micky-winkler-motorradfahrer.de\/wp-content\/uploads\/2023\/09\/MW-1.jpg\" alt=\"\" class=\"wp-image-312\" srcset=\"https:\/\/micky-winkler-motorradfahrer.de\/wp-content\/uploads\/2023\/09\/MW-1.jpg 886w, https:\/\/micky-winkler-motorradfahrer.de\/wp-content\/uploads\/2023\/09\/MW-1-300x200.jpg 300w, https:\/\/micky-winkler-motorradfahrer.de\/wp-content\/uploads\/2023\/09\/MW-1-768x512.jpg 768w, https:\/\/micky-winkler-motorradfahrer.de\/wp-content\/uploads\/2023\/09\/MW-1-272x182.jpg 272w\" sizes=\"auto, (max-width: 886px) 100vw, 886px\" \/><\/figure>\n\n\n\n<figure class=\"wp-block-image size-full\"><img loading=\"lazy\" decoding=\"async\" width=\"1019\" height=\"679\" src=\"https:\/\/micky-winkler-motorradfahrer.de\/wp-content\/uploads\/2023\/09\/MW-2.jpg\" alt=\"\" class=\"wp-image-313\" srcset=\"https:\/\/micky-winkler-motorradfahrer.de\/wp-content\/uploads\/2023\/09\/MW-2.jpg 1019w, https:\/\/micky-winkler-motorradfahrer.de\/wp-content\/uploads\/2023\/09\/MW-2-300x200.jpg 300w, https:\/\/micky-winkler-motorradfahrer.de\/wp-content\/uploads\/2023\/09\/MW-2-768x512.jpg 768w, https:\/\/micky-winkler-motorradfahrer.de\/wp-content\/uploads\/2023\/09\/MW-2-272x182.jpg 272w\" sizes=\"auto, (max-width: 1019px) 100vw, 1019px\" \/><\/figure>\n\n\n\n<figure class=\"wp-block-image size-large\"><img loading=\"lazy\" decoding=\"async\" width=\"1024\" height=\"682\" src=\"https:\/\/micky-winkler-motorradfahrer.de\/wp-content\/uploads\/2023\/09\/MW-3-1024x682.jpg\" alt=\"\" class=\"wp-image-314\" srcset=\"https:\/\/micky-winkler-motorradfahrer.de\/wp-content\/uploads\/2023\/09\/MW-3-1024x682.jpg 1024w, https:\/\/micky-winkler-motorradfahrer.de\/wp-content\/uploads\/2023\/09\/MW-3-300x200.jpg 300w, https:\/\/micky-winkler-motorradfahrer.de\/wp-content\/uploads\/2023\/09\/MW-3-768x512.jpg 768w, https:\/\/micky-winkler-motorradfahrer.de\/wp-content\/uploads\/2023\/09\/MW-3-272x182.jpg 272w, https:\/\/micky-winkler-motorradfahrer.de\/wp-content\/uploads\/2023\/09\/MW-3.jpg 1181w\" sizes=\"auto, (max-width: 1024px) 100vw, 1024px\" \/><\/figure>\n","protected":false},"excerpt":{"rendered":"<p>Erfolgreicher Gaststart im Twin Cup auf dem Frohburger Dreieck Das Saisonfinale der Internationalen Deutschen Motorradmeisterschaft (IDM) steht an diesem Wochenende an. Schon traditionell geht es dabei auf dem Hockenheimring zur Sache. Mit ordentlich Selbstvertrauen d\u00fcrfte dabei Micky Winkler ausgestattet sein. Der Schleizer erlebte nicht nur eine markante Leistungssteigerung bei den letzten Rennen der Pro Superstock [&hellip;]<\/p>\n","protected":false},"author":3,"featured_media":0,"comment_status":"closed","ping_status":"closed","sticky":false,"template":"","format":"standard","meta":{"footnotes":""},"categories":[1],"tags":[],"class_list":["post-311","post","type-post","status-publish","format-standard","hentry","category-uncategorized"],"_links":{"self":[{"href":"https:\/\/micky-winkler-motorradfahrer.de\/index.php?rest_route=\/wp\/v2\/posts\/311","targetHints":{"allow":["GET"]}}],"collection":[{"href":"https:\/\/micky-winkler-motorradfahrer.de\/index.php?rest_route=\/wp\/v2\/posts"}],"about":[{"href":"https:\/\/micky-winkler-motorradfahrer.de\/index.php?rest_route=\/wp\/v2\/types\/post"}],"author":[{"embeddable":true,"href":"https:\/\/micky-winkler-motorradfahrer.de\/index.php?rest_route=\/wp\/v2\/users\/3"}],"replies":[{"embeddable":true,"href":"https:\/\/micky-winkler-motorradfahrer.de\/index.php?rest_route=%2Fwp%2Fv2%2Fcomments&post=311"}],"version-history":[{"count":1,"href":"https:\/\/micky-winkler-motorradfahrer.de\/index.php?rest_route=\/wp\/v2\/posts\/311\/revisions"}],"predecessor-version":[{"id":315,"href":"https:\/\/micky-winkler-motorradfahrer.de\/index.php?rest_route=\/wp\/v2\/posts\/311\/revisions\/315"}],"wp:attachment":[{"href":"https:\/\/micky-winkler-motorradfahrer.de\/index.php?rest_route=%2Fwp%2Fv2%2Fmedia&parent=311"}],"wp:term":[{"taxonomy":"category","embeddable":true,"href":"https:\/\/micky-winkler-motorradfahrer.de\/index.php?rest_route=%2Fwp%2Fv2%2Fcategories&post=311"},{"taxonomy":"post_tag","embeddable":true,"href":"https:\/\/micky-winkler-motorradfahrer.de\/index.php?rest_route=%2Fwp%2Fv2%2Ftags&post=311"}],"curies":[{"name":"wp","href":"https:\/\/api.w.org\/{rel}","templated":true}]}}