{"id":327,"date":"2024-05-01T07:47:34","date_gmt":"2024-05-01T07:47:34","guid":{"rendered":"https:\/\/micky-winkler-motorradfahrer.de\/?p=327"},"modified":"2024-05-01T07:47:35","modified_gmt":"2024-05-01T07:47:35","slug":"planaenderung","status":"publish","type":"post","link":"https:\/\/micky-winkler-motorradfahrer.de\/?p=327","title":{"rendered":"Plan\u00e4nderung"},"content":{"rendered":"\n<p>Micky Winkler wird diese Saison kein permanenter Teilnehmer in der Pro Superstock 1000 sein. \u201eDas hat in erster Linie einen finanziellen Hintergrund\u201c, erkl\u00e4rt der Schleizer.<\/p>\n\n\n\n<p>Auf Micky Winkler wartet ein neues Projekt. Als diesj\u00e4hriges Bet\u00e4tigungsfeld wurde der Kawasaki Ninja ZX-4RR Cup auserkoren. Nach einigen Jahren Pause wurde dieser Cup wieder ins Leben gerufen. \u201eMit der Unterst\u00fctzung von Kawasaki ist es unser gemeinsames Ziel, den Cup aufzubauen und attraktiv zu gestalten\u201c, verr\u00e4t Micky Winkler seine Motivation. \u201eIm Cup will ich nat\u00fcrlich gute Positionen einfahren. Au\u00dferdem ist es geplant, zusammen mit Kawasaki in die Offensive zu gehen, was Social Media betrifft, um \u00fcber diesem Weg m\u00f6glichst noch ein paar neue Sponsoren zu finden. Langfristig m\u00f6chte ich mich wieder f\u00fcr h\u00f6here Klassen empfehlen.\u201c Bei einer ersten Testfahrt hat Micky Winkler bereits Eindr\u00fccke von der ZX-4RR gewinnen k\u00f6nnen: \u201eDas Motorrad pr\u00e4sentierte sich sehr agil. Nat\u00fcrlich sind die Beschleunigungswerte nicht so extrem wie bei einer 1000er, aber letztendlich nicht weniger spa\u00dfiger. Ich denke, damit kann man eine tolle Saison bestreiten.\u201c Das Thema Internationale Deutsche Motorradmeisterschaft k\u00f6nnte bei Micky Winkler aber schlagartig wieder ganz schnell an Bedeutung gewinnen. \u201eIch bin als Ersatzfahrer im Kawasaki Weber Team nominiert und stehe auf Abruf bereit.\u201c<\/p>\n\n\n\n<p><\/p>\n\n\n\n<figure class=\"wp-block-image size-full\"><img loading=\"lazy\" decoding=\"async\" width=\"310\" height=\"310\" src=\"https:\/\/micky-winkler-motorradfahrer.de\/wp-content\/uploads\/2024\/05\/kawasaki-logo_0.jpg\" alt=\"\" class=\"wp-image-328\" srcset=\"https:\/\/micky-winkler-motorradfahrer.de\/wp-content\/uploads\/2024\/05\/kawasaki-logo_0.jpg 310w, https:\/\/micky-winkler-motorradfahrer.de\/wp-content\/uploads\/2024\/05\/kawasaki-logo_0-300x300.jpg 300w, https:\/\/micky-winkler-motorradfahrer.de\/wp-content\/uploads\/2024\/05\/kawasaki-logo_0-150x150.jpg 150w\" sizes=\"auto, (max-width: 310px) 100vw, 310px\" \/><\/figure>\n\n\n\n<p><\/p>\n\n\n\n<p>Termine 2024 Kawasaki Ninja ZX-4RR Cup<\/p>\n\n\n\n<p>18. &#8211; 20. Mai Circuit of Luxembourg Colmar-Berg<\/p>\n\n\n\n<p>05. &#8211; 07. Juli TT Circuit Assen<\/p>\n\n\n\n<p>26. &#8211; 28. Juli Motorsport Arena Oschersleben<\/p>\n\n\n\n<p>03. &#8211; 04. August Schleizer Dreieck<\/p>\n\n\n\n<p>16. -18. August Autodrom Most<\/p>\n","protected":false},"excerpt":{"rendered":"<p>Micky Winkler wird diese Saison kein permanenter Teilnehmer in der Pro Superstock 1000 sein. \u201eDas hat in erster Linie einen finanziellen Hintergrund\u201c, erkl\u00e4rt der Schleizer. Auf Micky Winkler wartet ein neues Projekt. Als diesj\u00e4hriges Bet\u00e4tigungsfeld wurde der Kawasaki Ninja ZX-4RR Cup auserkoren. Nach einigen Jahren Pause wurde dieser Cup wieder ins Leben gerufen. \u201eMit der [&hellip;]<\/p>\n","protected":false},"author":3,"featured_media":0,"comment_status":"closed","ping_status":"closed","sticky":false,"template":"","format":"standard","meta":{"footnotes":""},"categories":[1],"tags":[],"class_list":["post-327","post","type-post","status-publish","format-standard","hentry","category-uncategorized"],"_links":{"self":[{"href":"https:\/\/micky-winkler-motorradfahrer.de\/index.php?rest_route=\/wp\/v2\/posts\/327","targetHints":{"allow":["GET"]}}],"collection":[{"href":"https:\/\/micky-winkler-motorradfahrer.de\/index.php?rest_route=\/wp\/v2\/posts"}],"about":[{"href":"https:\/\/micky-winkler-motorradfahrer.de\/index.php?rest_route=\/wp\/v2\/types\/post"}],"author":[{"embeddable":true,"href":"https:\/\/micky-winkler-motorradfahrer.de\/index.php?rest_route=\/wp\/v2\/users\/3"}],"replies":[{"embeddable":true,"href":"https:\/\/micky-winkler-motorradfahrer.de\/index.php?rest_route=%2Fwp%2Fv2%2Fcomments&post=327"}],"version-history":[{"count":1,"href":"https:\/\/micky-winkler-motorradfahrer.de\/index.php?rest_route=\/wp\/v2\/posts\/327\/revisions"}],"predecessor-version":[{"id":329,"href":"https:\/\/micky-winkler-motorradfahrer.de\/index.php?rest_route=\/wp\/v2\/posts\/327\/revisions\/329"}],"wp:attachment":[{"href":"https:\/\/micky-winkler-motorradfahrer.de\/index.php?rest_route=%2Fwp%2Fv2%2Fmedia&parent=327"}],"wp:term":[{"taxonomy":"category","embeddable":true,"href":"https:\/\/micky-winkler-motorradfahrer.de\/index.php?rest_route=%2Fwp%2Fv2%2Fcategories&post=327"},{"taxonomy":"post_tag","embeddable":true,"href":"https:\/\/micky-winkler-motorradfahrer.de\/index.php?rest_route=%2Fwp%2Fv2%2Ftags&post=327"}],"curies":[{"name":"wp","href":"https:\/\/api.w.org\/{rel}","templated":true}]}}