{"id":338,"date":"2024-06-17T08:51:16","date_gmt":"2024-06-17T08:51:16","guid":{"rendered":"https:\/\/micky-winkler-motorradfahrer.de\/?p=338"},"modified":"2024-06-17T08:51:17","modified_gmt":"2024-06-17T08:51:17","slug":"spontanes-gastspiel-in-heimischen-gefilden","status":"publish","type":"post","link":"https:\/\/micky-winkler-motorradfahrer.de\/?p=338","title":{"rendered":"Spontanes Gastspiel in heimischen Gefilden"},"content":{"rendered":"\n<p>Micky Winkler als Gaststarter bei der IRRC in Schleiz<\/p>\n\n\n\n<p>Ein motorsportliches Gro\u00dfereignis auf dem Schleizer Dreieck und Micky Winkler ist nicht dabei? Ein ungl\u00fccklicher Umstand, den es zu verhindern gilt, dachte sich Rico Vetter. Der Rennfahrerkollege und F\u00f6rderer des Schleizer organisierte zusammen mit Kawasaki Deutschland ein Superbike, mit dem Micky recht spontan beim Gastspiel der International Road Racing Championship auf seiner Hausstrecke teilnehmen konnte. \u201eTolle Aktion, nochmals vielen, vielen Dank.\u201c Der Spontanit\u00e4t geschuldet war auch nicht an eine Vorbereitung zu denken. \u201eEs war viel Arbeit. Ich habe das mir neue Motorrad vorher keinen Meter bewegen k\u00f6nnen. Erschwerend kam hinzu, dass wir am Freitag nur wenige Trainingsfenster buchen konnten und die Fahrzeit entsprechend gering ausfiel.\u201c Einstellungen am Motorrad wurden vom Team aus dem Bauch heraus getroffen. \u201eDas hat ganz gut funktioniert. Nach dem ersten Qualifikationstraining sprang P7 heraus. In der zweiten Quali hing ich oft im Verkehr fest, da reichte es nicht zu einer ganz schnellen Runde. Aber das Gef\u00fchl zum Motorrad war nochmals besser geworden. Startplatz 10 war insofern okay f\u00fcr mich.\u201c In beiden Rennen bewegte sich Micky von Anfang an mit den etablierten Roadracern auf Augenh\u00f6he. \u201eDas lief richtig gut. Zwei sechste R\u00e4nge k\u00f6nnen sich sehen lassen. Mir sind dabei sogar schnellere Rundenzeiten gelungen als im letzten Jahr. Dabei hatten wir noch nicht einmal die optimale Sitzposition ausget\u00fcftelt. Unter diesen Begebenheiten war das richtig topp. Und ganz wichtig: Es hat wieder eine Menge Spa\u00df gemacht, ein solches Motorrad bewegen zu k\u00f6nnen.\u201c<\/p>\n\n\n\n<figure class=\"wp-block-image size-large\"><img loading=\"lazy\" decoding=\"async\" width=\"1024\" height=\"683\" src=\"https:\/\/micky-winkler-motorradfahrer.de\/wp-content\/uploads\/2024\/06\/www-IRRC-Schleiz-3-1024x683.jpg\" alt=\"\" class=\"wp-image-339\" srcset=\"https:\/\/micky-winkler-motorradfahrer.de\/wp-content\/uploads\/2024\/06\/www-IRRC-Schleiz-3-1024x683.jpg 1024w, https:\/\/micky-winkler-motorradfahrer.de\/wp-content\/uploads\/2024\/06\/www-IRRC-Schleiz-3-300x200.jpg 300w, https:\/\/micky-winkler-motorradfahrer.de\/wp-content\/uploads\/2024\/06\/www-IRRC-Schleiz-3-768x512.jpg 768w, https:\/\/micky-winkler-motorradfahrer.de\/wp-content\/uploads\/2024\/06\/www-IRRC-Schleiz-3-272x182.jpg 272w, https:\/\/micky-winkler-motorradfahrer.de\/wp-content\/uploads\/2024\/06\/www-IRRC-Schleiz-3.jpg 1170w\" sizes=\"auto, (max-width: 1024px) 100vw, 1024px\" \/><\/figure>\n\n\n\n<figure class=\"wp-block-image size-large\"><img loading=\"lazy\" decoding=\"async\" width=\"1024\" height=\"682\" src=\"https:\/\/micky-winkler-motorradfahrer.de\/wp-content\/uploads\/2024\/06\/www-IRRC-Schleiz-4-1024x682.jpg\" alt=\"\" class=\"wp-image-340\" srcset=\"https:\/\/micky-winkler-motorradfahrer.de\/wp-content\/uploads\/2024\/06\/www-IRRC-Schleiz-4-1024x682.jpg 1024w, https:\/\/micky-winkler-motorradfahrer.de\/wp-content\/uploads\/2024\/06\/www-IRRC-Schleiz-4-300x200.jpg 300w, https:\/\/micky-winkler-motorradfahrer.de\/wp-content\/uploads\/2024\/06\/www-IRRC-Schleiz-4-768x512.jpg 768w, https:\/\/micky-winkler-motorradfahrer.de\/wp-content\/uploads\/2024\/06\/www-IRRC-Schleiz-4-272x182.jpg 272w, https:\/\/micky-winkler-motorradfahrer.de\/wp-content\/uploads\/2024\/06\/www-IRRC-Schleiz-4.jpg 1150w\" sizes=\"auto, (max-width: 1024px) 100vw, 1024px\" \/><\/figure>\n\n\n\n<figure class=\"wp-block-image size-full\"><img loading=\"lazy\" decoding=\"async\" width=\"732\" height=\"488\" src=\"https:\/\/micky-winkler-motorradfahrer.de\/wp-content\/uploads\/2024\/06\/www-IRRC-Schleiz-5.jpg\" alt=\"\" class=\"wp-image-341\" srcset=\"https:\/\/micky-winkler-motorradfahrer.de\/wp-content\/uploads\/2024\/06\/www-IRRC-Schleiz-5.jpg 732w, https:\/\/micky-winkler-motorradfahrer.de\/wp-content\/uploads\/2024\/06\/www-IRRC-Schleiz-5-300x200.jpg 300w, https:\/\/micky-winkler-motorradfahrer.de\/wp-content\/uploads\/2024\/06\/www-IRRC-Schleiz-5-272x182.jpg 272w\" sizes=\"auto, (max-width: 732px) 100vw, 732px\" \/><\/figure>\n\n\n\n<figure class=\"wp-block-gallery has-nested-images columns-default is-cropped wp-block-gallery-1 is-layout-flex wp-block-gallery-is-layout-flex\">\n<figure class=\"wp-block-image size-large\"><img loading=\"lazy\" decoding=\"async\" width=\"1024\" height=\"682\" data-id=\"342\" src=\"https:\/\/micky-winkler-motorradfahrer.de\/wp-content\/uploads\/2024\/06\/www-IRRC-Schleiz-7-1024x682.jpg\" alt=\"\" class=\"wp-image-342\" srcset=\"https:\/\/micky-winkler-motorradfahrer.de\/wp-content\/uploads\/2024\/06\/www-IRRC-Schleiz-7-1024x682.jpg 1024w, https:\/\/micky-winkler-motorradfahrer.de\/wp-content\/uploads\/2024\/06\/www-IRRC-Schleiz-7-300x200.jpg 300w, https:\/\/micky-winkler-motorradfahrer.de\/wp-content\/uploads\/2024\/06\/www-IRRC-Schleiz-7-768x512.jpg 768w, https:\/\/micky-winkler-motorradfahrer.de\/wp-content\/uploads\/2024\/06\/www-IRRC-Schleiz-7-272x182.jpg 272w, https:\/\/micky-winkler-motorradfahrer.de\/wp-content\/uploads\/2024\/06\/www-IRRC-Schleiz-7.jpg 1034w\" sizes=\"auto, (max-width: 1024px) 100vw, 1024px\" \/><\/figure>\n<\/figure>\n\n\n\n<figure class=\"wp-block-image size-full\"><img loading=\"lazy\" decoding=\"async\" width=\"861\" height=\"574\" src=\"https:\/\/micky-winkler-motorradfahrer.de\/wp-content\/uploads\/2024\/06\/www-IRRC-Schleiz-6.jpg\" alt=\"\" class=\"wp-image-343\" srcset=\"https:\/\/micky-winkler-motorradfahrer.de\/wp-content\/uploads\/2024\/06\/www-IRRC-Schleiz-6.jpg 861w, https:\/\/micky-winkler-motorradfahrer.de\/wp-content\/uploads\/2024\/06\/www-IRRC-Schleiz-6-300x200.jpg 300w, https:\/\/micky-winkler-motorradfahrer.de\/wp-content\/uploads\/2024\/06\/www-IRRC-Schleiz-6-768x512.jpg 768w, https:\/\/micky-winkler-motorradfahrer.de\/wp-content\/uploads\/2024\/06\/www-IRRC-Schleiz-6-272x182.jpg 272w\" sizes=\"auto, (max-width: 861px) 100vw, 861px\" \/><\/figure>\n","protected":false},"excerpt":{"rendered":"<p>Micky Winkler als Gaststarter bei der IRRC in Schleiz Ein motorsportliches Gro\u00dfereignis auf dem Schleizer Dreieck und Micky Winkler ist nicht dabei? Ein ungl\u00fccklicher Umstand, den es zu verhindern gilt, dachte sich Rico Vetter. Der Rennfahrerkollege und F\u00f6rderer des Schleizer organisierte zusammen mit Kawasaki Deutschland ein Superbike, mit dem Micky recht spontan beim Gastspiel der [&hellip;]<\/p>\n","protected":false},"author":3,"featured_media":0,"comment_status":"closed","ping_status":"closed","sticky":false,"template":"","format":"standard","meta":{"footnotes":""},"categories":[1],"tags":[],"class_list":["post-338","post","type-post","status-publish","format-standard","hentry","category-uncategorized"],"_links":{"self":[{"href":"https:\/\/micky-winkler-motorradfahrer.de\/index.php?rest_route=\/wp\/v2\/posts\/338","targetHints":{"allow":["GET"]}}],"collection":[{"href":"https:\/\/micky-winkler-motorradfahrer.de\/index.php?rest_route=\/wp\/v2\/posts"}],"about":[{"href":"https:\/\/micky-winkler-motorradfahrer.de\/index.php?rest_route=\/wp\/v2\/types\/post"}],"author":[{"embeddable":true,"href":"https:\/\/micky-winkler-motorradfahrer.de\/index.php?rest_route=\/wp\/v2\/users\/3"}],"replies":[{"embeddable":true,"href":"https:\/\/micky-winkler-motorradfahrer.de\/index.php?rest_route=%2Fwp%2Fv2%2Fcomments&post=338"}],"version-history":[{"count":1,"href":"https:\/\/micky-winkler-motorradfahrer.de\/index.php?rest_route=\/wp\/v2\/posts\/338\/revisions"}],"predecessor-version":[{"id":344,"href":"https:\/\/micky-winkler-motorradfahrer.de\/index.php?rest_route=\/wp\/v2\/posts\/338\/revisions\/344"}],"wp:attachment":[{"href":"https:\/\/micky-winkler-motorradfahrer.de\/index.php?rest_route=%2Fwp%2Fv2%2Fmedia&parent=338"}],"wp:term":[{"taxonomy":"category","embeddable":true,"href":"https:\/\/micky-winkler-motorradfahrer.de\/index.php?rest_route=%2Fwp%2Fv2%2Fcategories&post=338"},{"taxonomy":"post_tag","embeddable":true,"href":"https:\/\/micky-winkler-motorradfahrer.de\/index.php?rest_route=%2Fwp%2Fv2%2Ftags&post=338"}],"curies":[{"name":"wp","href":"https:\/\/api.w.org\/{rel}","templated":true}]}}